{"id":214,"date":"2022-02-26T20:30:59","date_gmt":"2022-02-26T20:30:59","guid":{"rendered":"http:\/\/dosombues.com.ar\/wpblog\/?p=214"},"modified":"2022-02-26T20:30:59","modified_gmt":"2022-02-26T20:30:59","slug":"experiencia-artistica-lo-esencial","status":"publish","type":"post","link":"https:\/\/dosombues.com.ar\/wpblog\/2022\/02\/26\/experiencia-artistica-lo-esencial\/","title":{"rendered":"Experiencia Art\u00edstica \u00abLo Esencial\u00bb"},"content":{"rendered":"\n<figure class=\"wp-block-image size-large\"><img loading=\"lazy\" decoding=\"async\" width=\"1024\" height=\"1024\" src=\"https:\/\/dosombues.com.ar\/wpblog\/wp-content\/uploads\/2022\/02\/dosombues01-1024x1024.jpg\" alt=\"\" class=\"wp-image-216\" srcset=\"https:\/\/dosombues.com.ar\/wpblog\/wp-content\/uploads\/2022\/02\/dosombues01-1024x1024.jpg 1024w, https:\/\/dosombues.com.ar\/wpblog\/wp-content\/uploads\/2022\/02\/dosombues01-300x300.jpg 300w, https:\/\/dosombues.com.ar\/wpblog\/wp-content\/uploads\/2022\/02\/dosombues01-150x150.jpg 150w, https:\/\/dosombues.com.ar\/wpblog\/wp-content\/uploads\/2022\/02\/dosombues01-768x768.jpg 768w, https:\/\/dosombues.com.ar\/wpblog\/wp-content\/uploads\/2022\/02\/dosombues01-100x100.jpg 100w, https:\/\/dosombues.com.ar\/wpblog\/wp-content\/uploads\/2022\/02\/dosombues01.jpg 1080w\" sizes=\"auto, (max-width: 767px) 89vw, (max-width: 1000px) 54vw, (max-width: 1071px) 543px, 580px\" \/><\/figure>\n\n\n\n<p><strong><span class=\"has-inline-color has-pale-pink-color\">OPEN CALL \/ Convocatoria Abierta<\/span><\/strong><br>PLATAFORMA ART\u00cdSTICA DOS OMB\u00daES<br><strong><span class=\"has-inline-color has-pale-pink-color\">Experiencia art\u00edstica Lo esencial<\/span><\/strong><br><em>Multiplicar + crear m\u00f3dulo + generar la trama<\/em><\/p>\n\n\n\n<p>Coordina: Carolina Cantalupi artista pl\u00e1stica \/ dise\u00f1adora gr\u00e1fica<\/p>\n\n\n\n<p>Se realizar\u00e1 una experiencia de indagaci\u00f3n y creaci\u00f3n art\u00edstica en el campo donde, tras la b\u00fasqueda y selecci\u00f3n de materiales propios del paisaje, cada artista hallar\u00e1 la imagen m\u00ednima representativa de la materia para crear m\u00f3dulos con objeto de reproducir \/ multiplicar la esencia y otorgar nuevos sentidos en contextos otros.<\/p>\n\n\n\n<p>Acciones:<br>B\u00fasqueda de elementos representativos del campo \/ An\u00e1lisis morfol\u00f3gico \/ S\u00edntesis de la forma \/ Creaci\u00f3n de m\u00f3dulos \/ Reproducci\u00f3n<\/p>\n\n\n\n<p><strong><span class=\"has-inline-color has-luminous-vivid-amber-color\">Fecha: <\/span><\/strong><br><strong><span class=\"has-inline-color has-luminous-vivid-amber-color\">S\u00e1bado 12\/03\/2021 desde las 9 hasta las 19 horas.<br>Lugar:<\/span><\/strong> <br><strong><span class=\"has-inline-color has-luminous-vivid-amber-color\">Plataforma Art\u00edstica Dos Omb\u00faes, Cuenca del Salado, Dolores, BA<\/span><\/strong><br><strong><span class=\"has-inline-color has-luminous-vivid-amber-color\"><br>Costo completo: 8.000 pesos<br>50 % off: 4.000 pesos (se\u00f1ando con 2.000 pesos hasta el 4\/02\/2022)<\/span><\/strong><\/p>\n\n\n\n<p><em>Incluye materiales y comidas<br>No est\u00e1 incluido el transporte hasta el lugar.<br>Se otorgar\u00e1 beca de reducci\u00f3n arancelaria<br>Cupos limitados<\/em><\/p>\n\n\n\n<p>Para consultas, escrib\u00ed a: 2ombues@gmail.com<\/p>\n\n\n\n<p>Desde la Plataforma Art\u00edstica Dos Omb\u00faes buscamos indagar en las po\u00e9ticas del paisaje de llanura a trav\u00e9s de la experiencia art\u00edstica y la investigaci\u00f3n te\u00f3rica. Concebimos a la llanura como el lugar de lo po\u00e9tico por eso invitamos a nuestros artistas a compartir la experiencia de crear, investigar y producir obras en convivencia profunda con el paisaje de la pampa.<\/p>\n\n\n\n<p>A trav\u00e9s de Lo esencial. Multiplicar + Crear m\u00f3dulo + Generar la trama proponemos ir al campo a buscar una materia que pertenezca al paisaje natural para observar y hallar la imagen m\u00ednima capaz de representarla. Crearemos una comunidad art\u00edstica temporaria donde cada artista elaborar\u00e1 su propia s\u00edntesis en la forma de un m\u00f3dulo para la creaci\u00f3n de un mural colectivo m\u00f3vil dispuesto en el suelo que se integrar\u00e1 como un elemento m\u00e1s del paisaje.<br>La experiencia ser\u00e1 registrada a trav\u00e9s de im\u00e1genes que integrar\u00e1n una muestra fotogr\u00e1fica itinerante.<\/p>\n\n\n\n<p>Plataforma Art\u00edstica Dos Omb\u00faes \/ Cuenca deprimida del Salado<br>Dolores, Buenos Aires<br>http:\/\/www.dosombues.com.ar\/<\/p>\n\n\n\n<p><\/p>\n\n\n\n<p><strong>\u00bfQu\u00e9 buscamos?<\/strong><\/p>\n\n\n\n<p>Sintetizar una forma representativa para hacerla reproducible y uni\u00e9ndola a otras crear una nueva composici\u00f3n.<\/p>\n\n\n\n<p><strong>\u00bfQu\u00e9 vamos a hacer?<\/strong><\/p>\n\n\n\n<p>Los paisajes son el resultado de la interacci\u00f3n entre las personas y la naturaleza por eso todos ellos son culturales y, al mismo tiempo, muy complejos porque son numerosos, diferentes y aglutinan m\u00faltiples componentes. Nuestra propuesta es salir a explorar el paisaje con la intenci\u00f3n de encontrar un objeto representativo.<br>Realizar un croquis, tomar fotograf\u00edas y de ser posible transportarlo hasta el taller.<\/p>\n\n\n\n<p><\/p>\n\n\n\n<div class=\"wp-block-group\"><div class=\"wp-block-group__inner-container is-layout-flow wp-block-group-is-layout-flow\">\n<p><strong>\u00bfPara qu\u00e9?<\/strong><\/p>\n\n\n\n<p>Al analizar la estructura morfol\u00f3gica del elemento elegido, a trav\u00e9s de la manipulaci\u00f3n de diferentes herramientas, encontrar la m\u00ednima morfolog\u00eda capaz de contener y preservar la esencia del objeto.<\/p>\n<\/div><\/div>\n\n\n\n<p><strong>Etapas del proceso art\u00edstico<\/strong><\/p>\n\n\n\n<p>Momento 1:<\/p>\n\n\n\n<p> Introducci\u00f3n a la reproducci\u00f3n gr\u00e1fica (industria textil, cer\u00e1micos, tapiz)<\/p>\n\n\n\n<p>Momento 2:<\/p>\n\n\n\n<p> Dise\u00f1o del m\u00f3dulo estableciendo puntos de encuentro sobre los l\u00edmites del formato.<br>Luego de la exploraci\u00f3n de diversos materiales llegamos a la creaci\u00f3n del medio de reproducci\u00f3n. Pensando en el tipo de utilidad que le podemos dar a nuestra reproducci\u00f3n, stencil, sello de goma eva o lin\u00f3leo ser\u00e1n los medios que tendremos a disposici\u00f3n para elegir. Reproducci\u00f3n del m\u00f3dulo ejecutando diversas operaciones para generar la trama final.<\/p>\n\n\n\n<p>Momento 3: <\/p>\n\n\n\n<p>Creaci\u00f3n de la pieza final<\/p>\n\n\n\n<p>Utilizando todos los m\u00f3dulos resultantes realizaremos una \u00fanica composici\u00f3n en donde los dise\u00f1os vayan generando nuevas combinaciones morfol\u00f3gicas.<br>Tenemos previsto registrar con im\u00e1genes la experiencia para, con posterioridad, realizar una muestra itinerante con la pieza final y las fotograf\u00edas.<\/p>\n\n\n\n<p><strong>Materiales<\/strong><br>\u2022 carbonilla<br>\u2022 lapiz negro blando (B)<br>\u2022 hojas de dibujo<br>\u2022 regla<br>\u2022 escuadra<br>\u2022 pincel<br>\u2022 tinta china<br>\u2022 trincheta<br>\u2022 tijera<br>\u2022 plasticola<br>\u2022 hoja de calcar<br>\u2022 goma eva<br>\u2022 placas de radiografias<br>\u2022 lin\u00f3leo<br>\u2022 gubias<br>\u2022 rodillo<br>\u2022 tinta de serigraf\u00eda<br>\u2022 madera para la pieza final (formato cuadrado)<\/p>\n\n\n\n<p><strong>CAROLINA CANTALUPI<\/strong><br>Dise\u00f1adora gr\u00e1fica empleando la metodolog\u00eda proyectual en la vida. Gestora cultural recibida y en pleno proceso de desarrollo. Artista pl\u00e1stica sin buscarlo pero felizmente encontrada. Profesora improvisada devenida en docente apasionada<\/p>\n","protected":false},"excerpt":{"rendered":"<p>OPEN CALL \/ Convocatoria AbiertaPLATAFORMA ART\u00cdSTICA DOS OMB\u00daESExperiencia art\u00edstica Lo esencialMultiplicar + crear m\u00f3dulo + generar la trama Coordina: Carolina Cantalupi artista pl\u00e1stica \/ dise\u00f1adora gr\u00e1fica Se realizar\u00e1 una experiencia de indagaci\u00f3n y creaci\u00f3n art\u00edstica en el campo donde, tras la b\u00fasqueda y selecci\u00f3n de materiales propios del paisaje, cada artista hallar\u00e1 la imagen m\u00ednima &hellip; <\/p>\n<p class=\"link-more\"><a href=\"https:\/\/dosombues.com.ar\/wpblog\/2022\/02\/26\/experiencia-artistica-lo-esencial\/\" class=\"more-link\">Continuar leyendo<span class=\"screen-reader-text\"> \u00abExperiencia Art\u00edstica \u00abLo Esencial\u00bb\u00bb<\/span><\/a><\/p>\n","protected":false},"author":1,"featured_media":0,"comment_status":"open","ping_status":"open","sticky":false,"template":"","format":"standard","meta":{"footnotes":""},"categories":[1],"tags":[],"class_list":["post-214","post","type-post","status-publish","format-standard","hentry","category-uncategorized"],"_links":{"self":[{"href":"https:\/\/dosombues.com.ar\/wpblog\/wp-json\/wp\/v2\/posts\/214","targetHints":{"allow":["GET"]}}],"collection":[{"href":"https:\/\/dosombues.com.ar\/wpblog\/wp-json\/wp\/v2\/posts"}],"about":[{"href":"https:\/\/dosombues.com.ar\/wpblog\/wp-json\/wp\/v2\/types\/post"}],"author":[{"embeddable":true,"href":"https:\/\/dosombues.com.ar\/wpblog\/wp-json\/wp\/v2\/users\/1"}],"replies":[{"embeddable":true,"href":"https:\/\/dosombues.com.ar\/wpblog\/wp-json\/wp\/v2\/comments?post=214"}],"version-history":[{"count":7,"href":"https:\/\/dosombues.com.ar\/wpblog\/wp-json\/wp\/v2\/posts\/214\/revisions"}],"predecessor-version":[{"id":222,"href":"https:\/\/dosombues.com.ar\/wpblog\/wp-json\/wp\/v2\/posts\/214\/revisions\/222"}],"wp:attachment":[{"href":"https:\/\/dosombues.com.ar\/wpblog\/wp-json\/wp\/v2\/media?parent=214"}],"wp:term":[{"taxonomy":"category","embeddable":true,"href":"https:\/\/dosombues.com.ar\/wpblog\/wp-json\/wp\/v2\/categories?post=214"},{"taxonomy":"post_tag","embeddable":true,"href":"https:\/\/dosombues.com.ar\/wpblog\/wp-json\/wp\/v2\/tags?post=214"}],"curies":[{"name":"wp","href":"https:\/\/api.w.org\/{rel}","templated":true}]}}