{"id":240,"date":"2023-09-11T00:22:10","date_gmt":"2023-09-11T00:22:10","guid":{"rendered":"https:\/\/dosombues.com.ar\/wpblog\/?p=240"},"modified":"2023-09-11T00:22:11","modified_gmt":"2023-09-11T00:22:11","slug":"sonidos-de-la-llanura","status":"publish","type":"post","link":"https:\/\/dosombues.com.ar\/wpblog\/2023\/09\/11\/sonidos-de-la-llanura\/","title":{"rendered":"Sonidos de la llanura"},"content":{"rendered":"\n<figure class=\"wp-block-image size-large\"><img loading=\"lazy\" decoding=\"async\" width=\"1024\" height=\"341\" src=\"https:\/\/dosombues.com.ar\/wpblog\/wp-content\/uploads\/2023\/09\/Instalacion-sonora-Barbara-1024x341.png\" alt=\"\" class=\"wp-image-241\" srcset=\"https:\/\/dosombues.com.ar\/wpblog\/wp-content\/uploads\/2023\/09\/Instalacion-sonora-Barbara-1024x341.png 1024w, https:\/\/dosombues.com.ar\/wpblog\/wp-content\/uploads\/2023\/09\/Instalacion-sonora-Barbara-300x100.png 300w, https:\/\/dosombues.com.ar\/wpblog\/wp-content\/uploads\/2023\/09\/Instalacion-sonora-Barbara-768x256.png 768w, https:\/\/dosombues.com.ar\/wpblog\/wp-content\/uploads\/2023\/09\/Instalacion-sonora-Barbara-1536x512.png 1536w, https:\/\/dosombues.com.ar\/wpblog\/wp-content\/uploads\/2023\/09\/Instalacion-sonora-Barbara-2048x683.png 2048w\" sizes=\"auto, (max-width: 767px) 89vw, (max-width: 1000px) 54vw, (max-width: 1071px) 543px, 580px\" \/><\/figure>\n\n\n\n<p>S\u00e1bado 9\/09 a las 14:30 en Dos Omb\u00faes<\/p>\n\n\n\n<p>La m\u00fasica de vanguardia, Barbara Togander llega a Dolores para realizar una serie de actividades con la comunidad.<br>En primer lugar, el viernes 8, a las 19, brindar\u00e1 una charla sobre improvisaci\u00f3n en la Orquesta Escuela de Dolores para la comunidad educativa.<\/p>\n\n\n\n<p>El s\u00e1bado 9\/09, a partir de las 14:30, realizar\u00e1 una instalaci\u00f3n sonora e improvisaci\u00f3n junto a m\u00fasicos locales en el galp\u00f3n de Dos Omb\u00faes, situado en la zona rural. Durante la acci\u00f3n art\u00edstica, Mar\u00eda Ourens, estudiante de la carrera de Dise\u00f1o Gr\u00e1fico UADE Sede Costa, tomar\u00e1 fotograf\u00edas que formar\u00e1n parte de una muestra posterior. De la jornada participa como invitada Tal\u00eda Bermejo, curadora e historiadora del arte, que el 30\/09 realizar\u00e1 una cartograf\u00eda sensible con ni\u00f1os y ni\u00f1as de escuelas rurales junto a sus docentes.<\/p>\n\n\n\n<p>Estas acciones forman parte de las propuestas de arte contempor\u00e1neo con inserci\u00f3n comunitaria y perspectiva situada que, desde la Plataforma Art\u00edstica Dos Omb\u00faes, se desarrollan con el fin de promover los derechos culturales y crear lazos con expresiones art\u00edsticas locales, regionales, nacionales e internacionales.<\/p>\n\n\n\n<p>La realizaci\u00f3n de ambas actividades es posible gracias al auspicio de la Secretar\u00eda de Turismo de Dolores, la firma M\u00e1ximo Pinasco y Moebius Bar Rest\u00f3.<\/p>\n","protected":false},"excerpt":{"rendered":"<p>S\u00e1bado 9\/09 a las 14:30 en Dos Omb\u00faes La m\u00fasica de vanguardia, Barbara Togander llega a Dolores para realizar una serie de actividades con la comunidad.En primer lugar, el viernes 8, a las 19, brindar\u00e1 una charla sobre improvisaci\u00f3n en la Orquesta Escuela de Dolores para la comunidad educativa. El s\u00e1bado 9\/09, a partir de &hellip; <\/p>\n<p class=\"link-more\"><a href=\"https:\/\/dosombues.com.ar\/wpblog\/2023\/09\/11\/sonidos-de-la-llanura\/\" class=\"more-link\">Continuar leyendo<span class=\"screen-reader-text\"> \u00abSonidos de la llanura\u00bb<\/span><\/a><\/p>\n","protected":false},"author":1,"featured_media":0,"comment_status":"open","ping_status":"open","sticky":false,"template":"","format":"standard","meta":{"footnotes":""},"categories":[68],"tags":[38,61,77,55,78,10,76],"class_list":["post-240","post","type-post","status-publish","format-standard","hentry","category-residencia","tag-artista","tag-barbara-togander-2","tag-encuentro","tag-paisaje","tag-performance","tag-residencia","tag-sonidos"],"_links":{"self":[{"href":"https:\/\/dosombues.com.ar\/wpblog\/wp-json\/wp\/v2\/posts\/240","targetHints":{"allow":["GET"]}}],"collection":[{"href":"https:\/\/dosombues.com.ar\/wpblog\/wp-json\/wp\/v2\/posts"}],"about":[{"href":"https:\/\/dosombues.com.ar\/wpblog\/wp-json\/wp\/v2\/types\/post"}],"author":[{"embeddable":true,"href":"https:\/\/dosombues.com.ar\/wpblog\/wp-json\/wp\/v2\/users\/1"}],"replies":[{"embeddable":true,"href":"https:\/\/dosombues.com.ar\/wpblog\/wp-json\/wp\/v2\/comments?post=240"}],"version-history":[{"count":1,"href":"https:\/\/dosombues.com.ar\/wpblog\/wp-json\/wp\/v2\/posts\/240\/revisions"}],"predecessor-version":[{"id":242,"href":"https:\/\/dosombues.com.ar\/wpblog\/wp-json\/wp\/v2\/posts\/240\/revisions\/242"}],"wp:attachment":[{"href":"https:\/\/dosombues.com.ar\/wpblog\/wp-json\/wp\/v2\/media?parent=240"}],"wp:term":[{"taxonomy":"category","embeddable":true,"href":"https:\/\/dosombues.com.ar\/wpblog\/wp-json\/wp\/v2\/categories?post=240"},{"taxonomy":"post_tag","embeddable":true,"href":"https:\/\/dosombues.com.ar\/wpblog\/wp-json\/wp\/v2\/tags?post=240"}],"curies":[{"name":"wp","href":"https:\/\/api.w.org\/{rel}","templated":true}]}}