{"id":260,"date":"2023-10-03T00:53:39","date_gmt":"2023-10-03T00:53:39","guid":{"rendered":"https:\/\/dosombues.com.ar\/wpblog\/?p=260"},"modified":"2023-10-03T00:54:01","modified_gmt":"2023-10-03T00:54:01","slug":"proyecto-memoria-colectiva-a-traves-de-mama-pancha","status":"publish","type":"post","link":"https:\/\/dosombues.com.ar\/wpblog\/2023\/10\/03\/proyecto-memoria-colectiva-a-traves-de-mama-pancha\/","title":{"rendered":"Proyecto: Memoria colectiva a trav\u00e9s de Mam\u00e1 Pancha."},"content":{"rendered":"\n<figure class=\"wp-block-image size-large\"><img loading=\"lazy\" decoding=\"async\" width=\"1024\" height=\"461\" src=\"https:\/\/dosombues.com.ar\/wpblog\/wp-content\/uploads\/2023\/10\/WhatsApp-Image-2023-10-02-at-21.51.14-1024x461.jpeg\" alt=\"\" class=\"wp-image-261\" srcset=\"https:\/\/dosombues.com.ar\/wpblog\/wp-content\/uploads\/2023\/10\/WhatsApp-Image-2023-10-02-at-21.51.14-1024x461.jpeg 1024w, https:\/\/dosombues.com.ar\/wpblog\/wp-content\/uploads\/2023\/10\/WhatsApp-Image-2023-10-02-at-21.51.14-300x135.jpeg 300w, https:\/\/dosombues.com.ar\/wpblog\/wp-content\/uploads\/2023\/10\/WhatsApp-Image-2023-10-02-at-21.51.14-768x346.jpeg 768w, https:\/\/dosombues.com.ar\/wpblog\/wp-content\/uploads\/2023\/10\/WhatsApp-Image-2023-10-02-at-21.51.14-1536x691.jpeg 1536w, https:\/\/dosombues.com.ar\/wpblog\/wp-content\/uploads\/2023\/10\/WhatsApp-Image-2023-10-02-at-21.51.14.jpeg 1600w\" sizes=\"auto, (max-width: 767px) 89vw, (max-width: 1000px) 54vw, (max-width: 1071px) 543px, 580px\" \/><\/figure>\n\n\n\n<p>Proyecto instalaci\u00f3n audiovisual creado por la artista visual Gaby Messina sobre la investigaci\u00f3n de Ver\u00f3nica Meo Laos.<\/p>\n\n\n\n<p>Objetivo: Deslocalizar el estudio de afrodescendientes en Argentina desde la ciudad de Buenos Aires hacia La Pampa bonaerense, desde la perspectiva hist\u00f3rica de una mujer afrodescendiente cuya identidad est\u00e1 construida en base al relato oral en fragmentos de memoria colectiva.<\/p>\n","protected":false},"excerpt":{"rendered":"<p>Proyecto instalaci\u00f3n audiovisual creado por la artista visual Gaby Messina sobre la investigaci\u00f3n de Ver\u00f3nica Meo Laos. Objetivo: Deslocalizar el estudio de afrodescendientes en Argentina desde la ciudad de Buenos Aires hacia La Pampa bonaerense, desde la perspectiva hist\u00f3rica de una mujer afrodescendiente cuya identidad est\u00e1 construida en base al relato oral en fragmentos de &hellip; <\/p>\n<p class=\"link-more\"><a href=\"https:\/\/dosombues.com.ar\/wpblog\/2023\/10\/03\/proyecto-memoria-colectiva-a-traves-de-mama-pancha\/\" class=\"more-link\">Continuar leyendo<span class=\"screen-reader-text\"> \u00abProyecto: Memoria colectiva a trav\u00e9s de Mam\u00e1 Pancha.\u00bb<\/span><\/a><\/p>\n","protected":false},"author":1,"featured_media":0,"comment_status":"open","ping_status":"open","sticky":false,"template":"","format":"standard","meta":{"footnotes":""},"categories":[68],"tags":[38,69,83,81,82,10],"class_list":["post-260","post","type-post","status-publish","format-standard","hentry","category-residencia","tag-artista","tag-fotografia","tag-instalacion","tag-mama-pancha","tag-muestra","tag-residencia"],"_links":{"self":[{"href":"https:\/\/dosombues.com.ar\/wpblog\/wp-json\/wp\/v2\/posts\/260","targetHints":{"allow":["GET"]}}],"collection":[{"href":"https:\/\/dosombues.com.ar\/wpblog\/wp-json\/wp\/v2\/posts"}],"about":[{"href":"https:\/\/dosombues.com.ar\/wpblog\/wp-json\/wp\/v2\/types\/post"}],"author":[{"embeddable":true,"href":"https:\/\/dosombues.com.ar\/wpblog\/wp-json\/wp\/v2\/users\/1"}],"replies":[{"embeddable":true,"href":"https:\/\/dosombues.com.ar\/wpblog\/wp-json\/wp\/v2\/comments?post=260"}],"version-history":[{"count":1,"href":"https:\/\/dosombues.com.ar\/wpblog\/wp-json\/wp\/v2\/posts\/260\/revisions"}],"predecessor-version":[{"id":262,"href":"https:\/\/dosombues.com.ar\/wpblog\/wp-json\/wp\/v2\/posts\/260\/revisions\/262"}],"wp:attachment":[{"href":"https:\/\/dosombues.com.ar\/wpblog\/wp-json\/wp\/v2\/media?parent=260"}],"wp:term":[{"taxonomy":"category","embeddable":true,"href":"https:\/\/dosombues.com.ar\/wpblog\/wp-json\/wp\/v2\/categories?post=260"},{"taxonomy":"post_tag","embeddable":true,"href":"https:\/\/dosombues.com.ar\/wpblog\/wp-json\/wp\/v2\/tags?post=260"}],"curies":[{"name":"wp","href":"https:\/\/api.w.org\/{rel}","templated":true}]}}