{"id":268,"date":"2023-10-28T12:27:13","date_gmt":"2023-10-28T12:27:13","guid":{"rendered":"https:\/\/dosombues.com.ar\/wpblog\/?p=268"},"modified":"2023-10-28T12:27:15","modified_gmt":"2023-10-28T12:27:15","slug":"caminata-vivencial-en-el-campo-nuestro","status":"publish","type":"post","link":"https:\/\/dosombues.com.ar\/wpblog\/2023\/10\/28\/caminata-vivencial-en-el-campo-nuestro\/","title":{"rendered":"Caminata vivencial en el Campo Nuestro"},"content":{"rendered":"\n<figure class=\"wp-block-image size-large\"><img loading=\"lazy\" decoding=\"async\" width=\"1024\" height=\"768\" src=\"https:\/\/dosombues.com.ar\/wpblog\/wp-content\/uploads\/2023\/10\/20220305_181729-1024x768.jpg\" alt=\"\" class=\"wp-image-269\" srcset=\"https:\/\/dosombues.com.ar\/wpblog\/wp-content\/uploads\/2023\/10\/20220305_181729-1024x768.jpg 1024w, https:\/\/dosombues.com.ar\/wpblog\/wp-content\/uploads\/2023\/10\/20220305_181729-300x225.jpg 300w, https:\/\/dosombues.com.ar\/wpblog\/wp-content\/uploads\/2023\/10\/20220305_181729-768x576.jpg 768w, https:\/\/dosombues.com.ar\/wpblog\/wp-content\/uploads\/2023\/10\/20220305_181729-1536x1152.jpg 1536w, https:\/\/dosombues.com.ar\/wpblog\/wp-content\/uploads\/2023\/10\/20220305_181729-2048x1536.jpg 2048w\" sizes=\"auto, (max-width: 767px) 89vw, (max-width: 1000px) 54vw, (max-width: 1071px) 543px, 580px\" \/><\/figure>\n\n\n\n<p>El lunes 30 de noviembre a partir de las 14:30 se desarrollar\u00e1 en la Plataforma Art\u00edstica Dos Omb\u00faes de la zona rural de Dolores: \u201cCampo nuestro: una cartograf\u00eda afectiva\u201d, un taller vivencial para compartir experiencias sensoriales a partir de una caminata por el campo. La acci\u00f3n concluir\u00e1 con un collage colectivo.<\/p>\n\n\n\n<p>Pensada para estudiantes escuelas primarias rurales de Dolores, provincia de Buenos Aires, la actividad invita a que ni\u00f1as y ni\u00f1os, en compa\u00f1\u00eda de sus maestras, realicen una caminata para capturar im\u00e1genes sensoriales y experiencias personales. En su andar, los caminantes trazar\u00e1n un itinerario compartido para distinguir los diferentes paisajes y las sensaciones que ellos despiertan al habitarlos en cada instante.<\/p>\n\n\n\n<p>A trav\u00e9s de acciones art\u00edsticas con base comunitaria y perspectiva situada se busca crear una geograf\u00eda compartida en la cual los protagonistas cocrean experiencias con sentido de pertencia. La caminata sensorial ser\u00e1 facilitada por Tal\u00eda Bermejo, Doctora en Historia y Teor\u00eda de las Artes Licenciado en Artes, orientaci\u00f3n Pl\u00e1sticas (CONICET- UNTREF) y Marina Casali Urrutia, Licenciada en Planificaci\u00f3n y Dise\u00f1o del Paisaje (FADU-UBA), Especializada en caminabilidad. Organizadora de caminatas, relevamiento de la zona a ser explorada, investigaci\u00f3n integral (ecol\u00f3gica, hist\u00f3rica, vecinal), planificaci\u00f3n de recorridos y puntos de reuni\u00f3n.<\/p>\n\n\n\n<p>\u201cCampo nuestro: una cartograf\u00eda afectiva\u201d fue declarada de Inter\u00e9s por la Municipalidad de Dolores y cuenta con el aval de la Jefatura Distrital de la Direcci\u00f3n General de Escuelas. Adem\u00e1s forma parte de las actividades que, de manera peri\u00f3dica, realiza la Plataforma Art\u00edstica Dos Omb\u00faes con el apoyo de Puntos de Cultura, Ministerio de Cultura de la Naci\u00f3n.<\/p>\n","protected":false},"excerpt":{"rendered":"<p>El lunes 30 de noviembre a partir de las 14:30 se desarrollar\u00e1 en la Plataforma Art\u00edstica Dos Omb\u00faes de la zona rural de Dolores: \u201cCampo nuestro: una cartograf\u00eda afectiva\u201d, un taller vivencial para compartir experiencias sensoriales a partir de una caminata por el campo. La acci\u00f3n concluir\u00e1 con un collage colectivo. Pensada para estudiantes escuelas &hellip; <\/p>\n<p class=\"link-more\"><a href=\"https:\/\/dosombues.com.ar\/wpblog\/2023\/10\/28\/caminata-vivencial-en-el-campo-nuestro\/\" class=\"more-link\">Continuar leyendo<span class=\"screen-reader-text\"> \u00abCaminata vivencial en el Campo Nuestro\u00bb<\/span><\/a><\/p>\n","protected":false},"author":1,"featured_media":0,"comment_status":"open","ping_status":"open","sticky":false,"template":"","format":"standard","meta":{"footnotes":""},"categories":[31],"tags":[30,87,89,50,10,88,23],"class_list":["post-268","post","type-post","status-publish","format-standard","hentry","category-taller","tag-campo-adentro","tag-cartografia","tag-marina-casali-urrutia","tag-naturaleza","tag-residencia","tag-talia-bermejo","tag-taller"],"_links":{"self":[{"href":"https:\/\/dosombues.com.ar\/wpblog\/wp-json\/wp\/v2\/posts\/268","targetHints":{"allow":["GET"]}}],"collection":[{"href":"https:\/\/dosombues.com.ar\/wpblog\/wp-json\/wp\/v2\/posts"}],"about":[{"href":"https:\/\/dosombues.com.ar\/wpblog\/wp-json\/wp\/v2\/types\/post"}],"author":[{"embeddable":true,"href":"https:\/\/dosombues.com.ar\/wpblog\/wp-json\/wp\/v2\/users\/1"}],"replies":[{"embeddable":true,"href":"https:\/\/dosombues.com.ar\/wpblog\/wp-json\/wp\/v2\/comments?post=268"}],"version-history":[{"count":1,"href":"https:\/\/dosombues.com.ar\/wpblog\/wp-json\/wp\/v2\/posts\/268\/revisions"}],"predecessor-version":[{"id":270,"href":"https:\/\/dosombues.com.ar\/wpblog\/wp-json\/wp\/v2\/posts\/268\/revisions\/270"}],"wp:attachment":[{"href":"https:\/\/dosombues.com.ar\/wpblog\/wp-json\/wp\/v2\/media?parent=268"}],"wp:term":[{"taxonomy":"category","embeddable":true,"href":"https:\/\/dosombues.com.ar\/wpblog\/wp-json\/wp\/v2\/categories?post=268"},{"taxonomy":"post_tag","embeddable":true,"href":"https:\/\/dosombues.com.ar\/wpblog\/wp-json\/wp\/v2\/tags?post=268"}],"curies":[{"name":"wp","href":"https:\/\/api.w.org\/{rel}","templated":true}]}}