{"id":272,"date":"2023-11-07T12:56:43","date_gmt":"2023-11-07T12:56:43","guid":{"rendered":"https:\/\/dosombues.com.ar\/wpblog\/?p=272"},"modified":"2023-11-07T13:18:52","modified_gmt":"2023-11-07T13:18:52","slug":"seno-fuimos-libres","status":"publish","type":"post","link":"https:\/\/dosombues.com.ar\/wpblog\/2023\/11\/07\/seno-fuimos-libres\/","title":{"rendered":"\u201cSe\u00f1o, fuimos libres\u201d"},"content":{"rendered":"\n<figure class=\"wp-block-image size-large\"><img loading=\"lazy\" decoding=\"async\" width=\"1024\" height=\"576\" src=\"https:\/\/dosombues.com.ar\/wpblog\/wp-content\/uploads\/2023\/11\/Chicos01-1024x576.jpeg\" alt=\"\" class=\"wp-image-274\" srcset=\"https:\/\/dosombues.com.ar\/wpblog\/wp-content\/uploads\/2023\/11\/Chicos01-1024x576.jpeg 1024w, https:\/\/dosombues.com.ar\/wpblog\/wp-content\/uploads\/2023\/11\/Chicos01-300x169.jpeg 300w, https:\/\/dosombues.com.ar\/wpblog\/wp-content\/uploads\/2023\/11\/Chicos01-768x432.jpeg 768w, https:\/\/dosombues.com.ar\/wpblog\/wp-content\/uploads\/2023\/11\/Chicos01.jpeg 1280w\" sizes=\"auto, (max-width: 767px) 89vw, (max-width: 1000px) 54vw, (max-width: 1071px) 543px, 580px\" \/><\/figure>\n\n\n\n<p>\u201c<strong>Se\u00f1o, fuimos libres\u201d<\/strong><\/p>\n\n\n\n<p>Esas fueron las palabras que los alumnos de la escuela rural No. 24 de Dolores le expresaron a su maestra, Eugenia Varela, despu\u00e9s de la caminata vivencial realizada en Dos Omb\u00faes.<\/p>\n\n\n\n<p>La experiencia dur\u00f3 dos horas y se realiz\u00f3 el lunes 30\/10\/2023. Acompa\u00f1ados por sus maestras, participaron ni\u00f1as y ni\u00f1os de tres escuelas primarias cercanas a la residencia para artistas ubicada en el paraje rural \u201cLa Limpia\u201d: la EGB No 6, la EGB 29 de Lomas de Salom\u00f3n y la EGB No. 24 de Al Ver Ver\u00e1s. Junto a Tal\u00eda Bermejo y Marina Casali Urrutia, los protagonistas caminaron por un paisaje que, en principio pudo haber sido cotidiano para ellos pero que, si se lo transita con esa mirada atenta y curiosa propia de la ni\u00f1ez, es capaz de maravillarnos.<\/p>\n\n\n\n<p>Durante el itinerario, los caminantes fueron recogiendo cosas peque\u00f1as que les llam\u00f3 la atenci\u00f3n a cada paso. Cada una de ellas representaba un \u201ctesoro\u201d -as\u00ed lo llamaron- que fueron guardando en un sobre con su nombre escrito a l\u00e1piz. Al finalizar la experiencia todos realizaron un <em>collage<\/em> colaborativo que se llevaron de recuerdo a su escuela.<\/p>\n\n\n\n<p>\u00bfQu\u00e9 mejor regalo para quienes creemos que un mundo mejor es posible, que habernos contactado con nuestra propia esencia de <em>ser<\/em> libres en la naturaleza?<\/p>\n\n\n\n<p>Gracias Tal\u00eda, gracias Marina. Gracias a las maestras Brenda, Eugenia y Lucrecia. Gracias a Adriana Iribarren y a Eliana Manzo, inspectoras de Educaci\u00f3n. A Carolina Quinteros, ex alumna rural y amiga de Dos Omb\u00faes por acercarte a tomar unos mates, a Flor Pinasco y a todos los que hicieron posible esta gran experiencia.<\/p>\n\n\n\n<p>Abrazo de \u00e1rbol<\/p>\n\n\n\n<p>Ver\u00f3nica<\/p>\n\n\n\n<p>Tal\u00eda Bermejo (Doctor en Historia y Teor\u00eda de las Artes Licenciado en Artes, orientaci\u00f3n Pl\u00e1sticas. CONICET- UNTREF) \/ Marina Casali Urrutia (Lic. en Planificaci\u00f3n y Dise\u00f1o del Paisaje. FADU-UBA)<\/p>\n","protected":false},"excerpt":{"rendered":"<p>\u201cSe\u00f1o, fuimos libres\u201d Esas fueron las palabras que los alumnos de la escuela rural No. 24 de Dolores le expresaron a su maestra, Eugenia Varela, despu\u00e9s de la caminata vivencial realizada en Dos Omb\u00faes. La experiencia dur\u00f3 dos horas y se realiz\u00f3 el lunes 30\/10\/2023. Acompa\u00f1ados por sus maestras, participaron ni\u00f1as y ni\u00f1os de tres &hellip; <\/p>\n<p class=\"link-more\"><a href=\"https:\/\/dosombues.com.ar\/wpblog\/2023\/11\/07\/seno-fuimos-libres\/\" class=\"more-link\">Continuar leyendo<span class=\"screen-reader-text\"> \u00ab\u201cSe\u00f1o, fuimos libres\u201d\u00bb<\/span><\/a><\/p>\n","protected":false},"author":1,"featured_media":0,"comment_status":"open","ping_status":"open","sticky":false,"template":"","format":"standard","meta":{"footnotes":""},"categories":[68,31],"tags":[90,91,89,50,10,88,23,6],"class_list":["post-272","post","type-post","status-publish","format-standard","hentry","category-residencia","category-taller","tag-caminata","tag-escuelas-rurales","tag-marina-casali-urrutia","tag-naturaleza","tag-residencia","tag-talia-bermejo","tag-taller","tag-veronica-meo-laos"],"_links":{"self":[{"href":"https:\/\/dosombues.com.ar\/wpblog\/wp-json\/wp\/v2\/posts\/272","targetHints":{"allow":["GET"]}}],"collection":[{"href":"https:\/\/dosombues.com.ar\/wpblog\/wp-json\/wp\/v2\/posts"}],"about":[{"href":"https:\/\/dosombues.com.ar\/wpblog\/wp-json\/wp\/v2\/types\/post"}],"author":[{"embeddable":true,"href":"https:\/\/dosombues.com.ar\/wpblog\/wp-json\/wp\/v2\/users\/1"}],"replies":[{"embeddable":true,"href":"https:\/\/dosombues.com.ar\/wpblog\/wp-json\/wp\/v2\/comments?post=272"}],"version-history":[{"count":3,"href":"https:\/\/dosombues.com.ar\/wpblog\/wp-json\/wp\/v2\/posts\/272\/revisions"}],"predecessor-version":[{"id":276,"href":"https:\/\/dosombues.com.ar\/wpblog\/wp-json\/wp\/v2\/posts\/272\/revisions\/276"}],"wp:attachment":[{"href":"https:\/\/dosombues.com.ar\/wpblog\/wp-json\/wp\/v2\/media?parent=272"}],"wp:term":[{"taxonomy":"category","embeddable":true,"href":"https:\/\/dosombues.com.ar\/wpblog\/wp-json\/wp\/v2\/categories?post=272"},{"taxonomy":"post_tag","embeddable":true,"href":"https:\/\/dosombues.com.ar\/wpblog\/wp-json\/wp\/v2\/tags?post=272"}],"curies":[{"name":"wp","href":"https:\/\/api.w.org\/{rel}","templated":true}]}}