{"id":293,"date":"2026-01-30T13:31:03","date_gmt":"2026-01-30T13:31:03","guid":{"rendered":"https:\/\/dosombues.com.ar\/wpblog\/?p=293"},"modified":"2026-01-30T13:44:38","modified_gmt":"2026-01-30T13:44:38","slug":"por-los-campos-de-oliverio-girondo-caminata-vivencial","status":"publish","type":"post","link":"https:\/\/dosombues.com.ar\/wpblog\/2026\/01\/30\/por-los-campos-de-oliverio-girondo-caminata-vivencial\/","title":{"rendered":"Por los campos de Oliverio Girondo &#8211; Caminata Vivencial"},"content":{"rendered":"\n<figure class=\"wp-block-embed is-type-video is-provider-youtube wp-block-embed-youtube wp-embed-aspect-16-9 wp-has-aspect-ratio\"><div class=\"wp-block-embed__wrapper\">\n<iframe loading=\"lazy\" title=\"Por los campos de Oliverio Girondo - Caminata Vivencial - RA Dos Omb\u00faes\" width=\"525\" height=\"295\" src=\"https:\/\/www.youtube.com\/embed\/Kvu6w9y26wA?feature=oembed\" frameborder=\"0\" allow=\"accelerometer; autoplay; clipboard-write; encrypted-media; gyroscope; picture-in-picture; web-share\" referrerpolicy=\"strict-origin-when-cross-origin\" allowfullscreen><\/iframe>\n<\/div><\/figure>\n\n\n\n<p>\u00bfEs posible leer un paisaje?<\/p>\n\n\n\n<p>En la Plataforma Art\u00edstica Dos Omb\u00faes, creemos que el arte no solo se contempla, sino que se camina. Recientemente, llevamos adelante una experiencia \u00fanica: una Caminata Vivencial inspirada en la obra y el esp\u00edritu de Oliverio Girondo, recorriendo los mismos horizontes que dialogan con la vanguardia po\u00e9tica argentina.<\/p>\n\n\n\n<p>El paisaje como hoja en blanco<br>El video que compartimos hoy captura la esencia de una jornada donde el silencio del campo fue interrumpido \u2014o mejor dicho, completado\u2014 por la palabra de Girondo. Con c\u00e1maras, binoculares y libros en mano, el grupo se aventur\u00f3 por los caminos rurales de la zona, transformando el senderismo tradicional en un acto perform\u00e1tico y reflexivo.<\/p>\n\n\n\n<p>\u00ab<em>Al verte cada vez m\u00e1s cultivado<br>olvidan que ten\u00edas piel de puma<br>y fuiste, hasta hace poco, campo bravo<\/em>.\u00bb<\/p>\n\n\n\n<p>El eco de las lecturas de Girondo reson\u00f3 entre pastizales y cielos abiertos.<\/p>\n\n\n\n<p>Arte, Naturaleza y Comunidad<br>La propuesta de RA Dos Omb\u00faes busca justamente esto: descentralizar el arte y devolverlo a la tierra. Durante el recorrido, los participantes no solo fueron espectadores, sino protagonistas de una mirada activa sobre el entorno, conectando con la flora, la fauna y la profundidad emocional de la poes\u00eda.<\/p>\n\n\n\n<p>Autor del Video:<br>Ignacio Lucchesi es Licenciado en Artes Audiovisuales (UNLP) e investigador. Su trabajo se caracteriza por utilizar las herramientas del cine y el sonido para reconstruir y narrar historias, una faceta que desarroll\u00f3 desde sus inicios con documentales como Un Techo para mi Pa\u00eds. Posee una formaci\u00f3n especializada en Gesti\u00f3n Cultural y una vasta experiencia en el manejo de archivos sonoros y producci\u00f3n de contenidos multimedia. Esta combinaci\u00f3n de rigor t\u00e9cnico y sensibilidad art\u00edstica le permite abordar la preservaci\u00f3n de la memoria y la difusi\u00f3n hist\u00f3rica desde formatos innovadores y accesibles para el p\u00fablico genera.<\/p>\n","protected":false},"excerpt":{"rendered":"<p>\u00bfEs posible leer un paisaje? En la Plataforma Art\u00edstica Dos Omb\u00faes, creemos que el arte no solo se contempla, sino que se camina. Recientemente, llevamos adelante una experiencia \u00fanica: una Caminata Vivencial inspirada en la obra y el esp\u00edritu de Oliverio Girondo, recorriendo los mismos horizontes que dialogan con la vanguardia po\u00e9tica argentina. El paisaje &hellip; <\/p>\n<p class=\"link-more\"><a href=\"https:\/\/dosombues.com.ar\/wpblog\/2026\/01\/30\/por-los-campos-de-oliverio-girondo-caminata-vivencial\/\" class=\"more-link\">Continuar leyendo<span class=\"screen-reader-text\"> \u00abPor los campos de Oliverio Girondo &#8211; Caminata Vivencial\u00bb<\/span><\/a><\/p>\n","protected":false},"author":1,"featured_media":0,"comment_status":"open","ping_status":"open","sticky":false,"template":"","format":"standard","meta":{"footnotes":""},"categories":[93,31],"tags":[38,30,106,50,55,10,23],"class_list":["post-293","post","type-post","status-publish","format-standard","hentry","category-nativas","category-taller","tag-artista","tag-campo-adentro","tag-girondo","tag-naturaleza","tag-paisaje","tag-residencia","tag-taller"],"_links":{"self":[{"href":"https:\/\/dosombues.com.ar\/wpblog\/wp-json\/wp\/v2\/posts\/293","targetHints":{"allow":["GET"]}}],"collection":[{"href":"https:\/\/dosombues.com.ar\/wpblog\/wp-json\/wp\/v2\/posts"}],"about":[{"href":"https:\/\/dosombues.com.ar\/wpblog\/wp-json\/wp\/v2\/types\/post"}],"author":[{"embeddable":true,"href":"https:\/\/dosombues.com.ar\/wpblog\/wp-json\/wp\/v2\/users\/1"}],"replies":[{"embeddable":true,"href":"https:\/\/dosombues.com.ar\/wpblog\/wp-json\/wp\/v2\/comments?post=293"}],"version-history":[{"count":2,"href":"https:\/\/dosombues.com.ar\/wpblog\/wp-json\/wp\/v2\/posts\/293\/revisions"}],"predecessor-version":[{"id":295,"href":"https:\/\/dosombues.com.ar\/wpblog\/wp-json\/wp\/v2\/posts\/293\/revisions\/295"}],"wp:attachment":[{"href":"https:\/\/dosombues.com.ar\/wpblog\/wp-json\/wp\/v2\/media?parent=293"}],"wp:term":[{"taxonomy":"category","embeddable":true,"href":"https:\/\/dosombues.com.ar\/wpblog\/wp-json\/wp\/v2\/categories?post=293"},{"taxonomy":"post_tag","embeddable":true,"href":"https:\/\/dosombues.com.ar\/wpblog\/wp-json\/wp\/v2\/tags?post=293"}],"curies":[{"name":"wp","href":"https:\/\/api.w.org\/{rel}","templated":true}]}}